{"id":2480,"date":"2015-04-03T13:49:48","date_gmt":"2015-04-03T11:49:48","guid":{"rendered":"https:\/\/intap.es\/?p=2480"},"modified":"2015-04-03T13:49:48","modified_gmt":"2015-04-03T11:49:48","slug":"actividades-y-terapia-con-perros-en-la-residencia-montetabor","status":"publish","type":"post","link":"https:\/\/grupos.us.es\/habier\/2015\/04\/03\/actividades-y-terapia-con-perros-en-la-residencia-montetabor\/","title":{"rendered":"Actividades y Terapia con perros en la residencia Montetabor"},"content":{"rendered":"<p style=\"text-align: justify;\">Buenas tardes!!<\/p>\n<p style=\"text-align: justify;\">Somos conscientes de que estamos dejando un poco de lado el blog y que no le dedicamos el tiempo suficiente a atender y a actualizar las redes sociales, y os pedimos disculpas por no teneros tan al d\u00eda como nos gustar\u00eda. Lo cierto es que entre M\u00e9xico, Baeza, clases en el M\u00e1ster de Gerontolog\u00eda de la UPO, el curso de la US, las horas dedicadas a la investigaci\u00f3n, planificaci\u00f3n de nuevos proyectos, etc. estamos bastante entretenidos, por decirlo de alg\u00fan modo, pero de hoy no pasa y vamos a dedicar parte de esta tarde a hablaros m\u00e1s sobre el proyecto que estamos desarrollando junto al equipo de la <strong>residencia Montetabor<\/strong>, de la localidad sevillana de Bollullos de la Mitaci\u00f3n.<\/p>\n<figure id=\"attachment_2482\" aria-describedby=\"caption-attachment-2482\" style=\"width: 300px\" class=\"wp-caption aligncenter\"><img loading=\"lazy\" decoding=\"async\" class=\"wp-image-2482 size-medium\" src=\"https:\/\/grupos.us.es\/habier\/wp-content\/uploads\/2015\/03\/montetabor-300x191.jpg\" alt=\"montetabor\" width=\"300\" height=\"191\" srcset=\"https:\/\/grupos.us.es\/habier\/wp-content\/uploads\/2015\/03\/montetabor-300x191.jpg 300w, https:\/\/grupos.us.es\/habier\/wp-content\/uploads\/2015\/03\/montetabor.jpg 400w\" sizes=\"auto, (max-width: 300px) 100vw, 300px\" \/><figcaption id=\"caption-attachment-2482\" class=\"wp-caption-text\">Residencia Montetabor de Bollullos de la Mitaci\u00f3n<\/figcaption><\/figure>\n<p style=\"text-align: justify;\">\n<p style=\"text-align: justify;\"><!--more--><\/p>\n<p style=\"text-align: justify;\">Trabajamos para la <strong>mejora de la calidad de vida<\/strong> de los mayores que viven en esta residencia mediante un doble programa: por un lado, venimos implementando <strong>terapia<\/strong> a\u00a03 grupos de mano de un psic\u00f3logo y un gu\u00eda canino, junto a nuestras asistentes caninas Ula y Maya; y, por otro lado, estamos llevando a cabo una serie de <strong>actividades<\/strong> que se apoyan en un equipo de voluntariado motivado por el trabajo con los mayores as\u00ed como comprometidos con el bienestar animal, y contamos con perros de voluntarios as\u00ed como Roy, al que ya os presentamos en otro post solicitando ayuda para conseguir una acogida definitiva. <strong>\u00bfOs cuento ya la gran noticia o no? Mejor&#8230; os dejo con la intriga hasta el final de esta entrada \ud83d\ude09<\/strong><\/p>\n<figure id=\"attachment_2483\" aria-describedby=\"caption-attachment-2483\" style=\"width: 300px\" class=\"wp-caption aligncenter\"><img loading=\"lazy\" decoding=\"async\" class=\"wp-image-2483 size-medium\" src=\"https:\/\/grupos.us.es\/habier\/wp-content\/uploads\/2015\/03\/2014-11-26-18.28.54-300x225.jpg\" alt=\"2014-11-26 18.28.54\" width=\"300\" height=\"225\" srcset=\"https:\/\/grupos.us.es\/habier\/wp-content\/uploads\/2015\/03\/2014-11-26-18.28.54-300x225.jpg 300w, https:\/\/grupos.us.es\/habier\/wp-content\/uploads\/2015\/03\/2014-11-26-18.28.54-1024x768.jpg 1024w, https:\/\/grupos.us.es\/habier\/wp-content\/uploads\/2015\/03\/2014-11-26-18.28.54-768x576.jpg 768w, https:\/\/grupos.us.es\/habier\/wp-content\/uploads\/2015\/03\/2014-11-26-18.28.54-1536x1152.jpg 1536w, https:\/\/grupos.us.es\/habier\/wp-content\/uploads\/2015\/03\/2014-11-26-18.28.54.jpg 1600w\" sizes=\"auto, (max-width: 300px) 100vw, 300px\" \/><figcaption id=\"caption-attachment-2483\" class=\"wp-caption-text\">Presentaci\u00f3n del equipo humano-perruno<\/figcaption><\/figure>\n<p style=\"text-align: justify;\">\n<p style=\"text-align: justify;\">El <strong>programa de terapia<\/strong> se lleva a cabo una ma\u00f1ana a la semana, y cada grupo cuenta con una serie de personas mayores seleccionadas por el equipo t\u00e9cnico del centro, que son los que m\u00e1s conocen sus necesidades. En pocas semanas, ya se ha percibido mayor interacci\u00f3n entre las personas mayores as\u00ed como mayor asistencia a los talleres ocupacionales.<\/p>\n<figure id=\"attachment_2486\" aria-describedby=\"caption-attachment-2486\" style=\"width: 300px\" class=\"wp-caption aligncenter\"><img loading=\"lazy\" decoding=\"async\" class=\"wp-image-2486 size-medium\" src=\"https:\/\/grupos.us.es\/habier\/wp-content\/uploads\/2015\/04\/2015-03-26-18.53.10-300x225.jpg\" alt=\"2015-03-26 18.53.10\" width=\"300\" height=\"225\" srcset=\"https:\/\/grupos.us.es\/habier\/wp-content\/uploads\/2015\/04\/2015-03-26-18.53.10-300x225.jpg 300w, https:\/\/grupos.us.es\/habier\/wp-content\/uploads\/2015\/04\/2015-03-26-18.53.10-1024x768.jpg 1024w, https:\/\/grupos.us.es\/habier\/wp-content\/uploads\/2015\/04\/2015-03-26-18.53.10-768x576.jpg 768w, https:\/\/grupos.us.es\/habier\/wp-content\/uploads\/2015\/04\/2015-03-26-18.53.10-1536x1152.jpg 1536w, https:\/\/grupos.us.es\/habier\/wp-content\/uploads\/2015\/04\/2015-03-26-18.53.10.jpg 1600w\" sizes=\"auto, (max-width: 300px) 100vw, 300px\" \/><figcaption id=\"caption-attachment-2486\" class=\"wp-caption-text\">\u00bfQuieres jugar conmigo?<\/figcaption><\/figure>\n<p style=\"text-align: justify;\">\n<p style=\"text-align: justify;\">El <strong>programa de actividades<\/strong> es m\u00e1s flexible en este sentido, aunque trabaja\u00a0mejoras en cuanto a atenci\u00f3n, memoria, fomento de las relaciones interpersonales, etc., los participantes var\u00edan de una semana a otra dependiendo de los objetivos planteados en cada ocasi\u00f3n. Eso s\u00ed, tenemos que decir que estamos consiguiendo una cantera fija muy motivada y participativa.<\/p>\n<figure id=\"attachment_2487\" aria-describedby=\"caption-attachment-2487\" style=\"width: 300px\" class=\"wp-caption aligncenter\"><a href=\"https:\/\/grupos.us.es\/habier\/wp-content\/uploads\/2015\/04\/2015-03-04-18.59.57.jpg\"><img loading=\"lazy\" decoding=\"async\" class=\"wp-image-2487 size-medium\" src=\"https:\/\/grupos.us.es\/habier\/wp-content\/uploads\/2015\/04\/2015-03-04-18.59.57-300x225.jpg\" alt=\"2015-03-04 18.59.57\" width=\"300\" height=\"225\" srcset=\"https:\/\/grupos.us.es\/habier\/wp-content\/uploads\/2015\/04\/2015-03-04-18.59.57-300x225.jpg 300w, https:\/\/grupos.us.es\/habier\/wp-content\/uploads\/2015\/04\/2015-03-04-18.59.57-1024x768.jpg 1024w, https:\/\/grupos.us.es\/habier\/wp-content\/uploads\/2015\/04\/2015-03-04-18.59.57-768x576.jpg 768w, https:\/\/grupos.us.es\/habier\/wp-content\/uploads\/2015\/04\/2015-03-04-18.59.57-1536x1152.jpg 1536w, https:\/\/grupos.us.es\/habier\/wp-content\/uploads\/2015\/04\/2015-03-04-18.59.57.jpg 1600w\" sizes=\"auto, (max-width: 300px) 100vw, 300px\" \/><\/a><figcaption id=\"caption-attachment-2487\" class=\"wp-caption-text\">Mueve las piernas, mueve el coraz\u00f3n<\/figcaption><\/figure>\n<p style=\"text-align: justify;\">\n<p style=\"text-align: justify;\">Respetando siempre al m\u00e1ximo la intimidad de las personas mayores, cuesti\u00f3n que para nosotros es fundamental, queremos compartir con vosotros una selecci\u00f3n de fotos para que ve\u00e1is un poco m\u00e1s de cerca nuestro trabajo.<\/p>\n<figure id=\"attachment_2488\" aria-describedby=\"caption-attachment-2488\" style=\"width: 300px\" class=\"wp-caption aligncenter\"><img loading=\"lazy\" decoding=\"async\" class=\"wp-image-2488 size-medium\" src=\"https:\/\/grupos.us.es\/habier\/wp-content\/uploads\/2015\/04\/2015-03-10-18.15.37-300x225.jpg\" alt=\"2015-03-10 18.15.37\" width=\"300\" height=\"225\" srcset=\"https:\/\/grupos.us.es\/habier\/wp-content\/uploads\/2015\/04\/2015-03-10-18.15.37-300x225.jpg 300w, https:\/\/grupos.us.es\/habier\/wp-content\/uploads\/2015\/04\/2015-03-10-18.15.37-1024x768.jpg 1024w, https:\/\/grupos.us.es\/habier\/wp-content\/uploads\/2015\/04\/2015-03-10-18.15.37-768x576.jpg 768w, https:\/\/grupos.us.es\/habier\/wp-content\/uploads\/2015\/04\/2015-03-10-18.15.37-1536x1152.jpg 1536w, https:\/\/grupos.us.es\/habier\/wp-content\/uploads\/2015\/04\/2015-03-10-18.15.37.jpg 1600w\" sizes=\"auto, (max-width: 300px) 100vw, 300px\" \/><figcaption id=\"caption-attachment-2488\" class=\"wp-caption-text\">Bingo perruno<\/figcaption><\/figure>\n<p style=\"text-align: justify;\">\n<p style=\"text-align: justify;\">\n<p style=\"text-align: justify;\">Las actividades desarrolladas hasta d\u00eda de hoy han sido variadas, de modo que las personas mayores participantes salgan de la rutina del d\u00eda a d\u00eda y tambi\u00e9n para que el equipo voluntario reflexiones sobre la versatilidad de las intervenciones asistidas por perros.<\/p>\n<figure id=\"attachment_2484\" aria-describedby=\"caption-attachment-2484\" style=\"width: 300px\" class=\"wp-caption aligncenter\"><img loading=\"lazy\" decoding=\"async\" class=\"wp-image-2484 size-medium\" src=\"https:\/\/grupos.us.es\/habier\/wp-content\/uploads\/2015\/03\/2014-12-03-11.58.09-300x225.jpg\" alt=\"2014-12-03 11.58.09\" width=\"300\" height=\"225\" srcset=\"https:\/\/grupos.us.es\/habier\/wp-content\/uploads\/2015\/03\/2014-12-03-11.58.09-300x225.jpg 300w, https:\/\/grupos.us.es\/habier\/wp-content\/uploads\/2015\/03\/2014-12-03-11.58.09-1024x768.jpg 1024w, https:\/\/grupos.us.es\/habier\/wp-content\/uploads\/2015\/03\/2014-12-03-11.58.09-768x576.jpg 768w, https:\/\/grupos.us.es\/habier\/wp-content\/uploads\/2015\/03\/2014-12-03-11.58.09-1536x1152.jpg 1536w, https:\/\/grupos.us.es\/habier\/wp-content\/uploads\/2015\/03\/2014-12-03-11.58.09.jpg 1600w\" sizes=\"auto, (max-width: 300px) 100vw, 300px\" \/><figcaption id=\"caption-attachment-2484\" class=\"wp-caption-text\">Visita a las instalaciones de la Fundaci\u00f3n Benjamin Mehnert<\/figcaption><\/figure>\n<p style=\"text-align: justify;\">\n<p style=\"text-align: justify;\">Y ahora que llegamos al final del post, os damos una noticia de la que estamos muy orgullosos. Nuestra voluntaria Mar\u00eda, casa de acogida del asistente canino en pr\u00e1cticas Roy, le ha conseguido una familia definitiva a partir de julio. Mil gracias Mar\u00eda por tu implicaci\u00f3n y enhorabuena a Roy, \u00a1te lo mereces, peque\u00f1o!<\/p>\n<figure id=\"attachment_2470\" aria-describedby=\"caption-attachment-2470\" style=\"width: 225px\" class=\"wp-caption aligncenter\"><img loading=\"lazy\" decoding=\"async\" class=\"wp-image-2470 size-medium\" src=\"https:\/\/grupos.us.es\/habier\/wp-content\/uploads\/2015\/01\/IMG-20150122-WA0014-225x300.jpg\" alt=\"IMG-20150122-WA0014\" width=\"225\" height=\"300\" srcset=\"https:\/\/grupos.us.es\/habier\/wp-content\/uploads\/2015\/01\/IMG-20150122-WA0014-225x300.jpg 225w, https:\/\/grupos.us.es\/habier\/wp-content\/uploads\/2015\/01\/IMG-20150122-WA0014-768x1024.jpg 768w, https:\/\/grupos.us.es\/habier\/wp-content\/uploads\/2015\/01\/IMG-20150122-WA0014.jpg 960w\" sizes=\"auto, (max-width: 225px) 100vw, 225px\" \/><figcaption id=\"caption-attachment-2470\" class=\"wp-caption-text\">Ea, a descansar un poquito \ud83d\ude42<\/figcaption><\/figure>\n<p style=\"text-align: justify;\">\u00a1Hasta pronto!<\/p>\n","protected":false},"excerpt":{"rendered":"<p>Buenas tardes!! Somos conscientes de que estamos dejando un poco de lado el blog y que no le dedicamos el tiempo suficiente a atender y a actualizar las redes sociales, y os pedimos disculpas por no teneros tan al d\u00eda como nos gustar\u00eda. Lo cierto es que entre M\u00e9xico, Baeza, clases en el M\u00e1ster de &hellip; <a href=\"https:\/\/grupos.us.es\/habier\/2015\/04\/03\/actividades-y-terapia-con-perros-en-la-residencia-montetabor\/\" class=\"more-link\">Seguir leyendo <span class=\"screen-reader-text\">Actividades y Terapia con perros en la residencia Montetabor<\/span> <span class=\"meta-nav\">&rarr;<\/span><\/a><\/p>\n","protected":false},"author":3,"featured_media":0,"comment_status":"closed","ping_status":"closed","sticky":false,"template":"","format":"standard","meta":{"iawp_total_views":1,"footnotes":""},"categories":[184,94,86,41,189],"tags":[146,42],"class_list":["post-2480","post","type-post","status-publish","format-standard","hentry","category-actividades-asistidas-por-perros","category-entidades-amigas","category-gerontologia","category-taa-terapia-asistida-por-animales","category-voluntariado","tag-calidad-de-vida","tag-terapia-asistida-por-perros"],"_links":{"self":[{"href":"https:\/\/grupos.us.es\/habier\/wp-json\/wp\/v2\/posts\/2480","targetHints":{"allow":["GET"]}}],"collection":[{"href":"https:\/\/grupos.us.es\/habier\/wp-json\/wp\/v2\/posts"}],"about":[{"href":"https:\/\/grupos.us.es\/habier\/wp-json\/wp\/v2\/types\/post"}],"author":[{"embeddable":true,"href":"https:\/\/grupos.us.es\/habier\/wp-json\/wp\/v2\/users\/3"}],"replies":[{"embeddable":true,"href":"https:\/\/grupos.us.es\/habier\/wp-json\/wp\/v2\/comments?post=2480"}],"version-history":[{"count":0,"href":"https:\/\/grupos.us.es\/habier\/wp-json\/wp\/v2\/posts\/2480\/revisions"}],"wp:attachment":[{"href":"https:\/\/grupos.us.es\/habier\/wp-json\/wp\/v2\/media?parent=2480"}],"wp:term":[{"taxonomy":"category","embeddable":true,"href":"https:\/\/grupos.us.es\/habier\/wp-json\/wp\/v2\/categories?post=2480"},{"taxonomy":"post_tag","embeddable":true,"href":"https:\/\/grupos.us.es\/habier\/wp-json\/wp\/v2\/tags?post=2480"}],"curies":[{"name":"wp","href":"https:\/\/api.w.org\/{rel}","templated":true}]}}