{"id":2435,"date":"2014-09-11T20:42:39","date_gmt":"2014-09-11T18:42:39","guid":{"rendered":"https:\/\/intap.es\/?p=2435"},"modified":"2014-09-11T20:42:39","modified_gmt":"2014-09-11T18:42:39","slug":"nos-vamos-de-congreso-intap-en-el-iii-congreso-iberoamericano-de-psicologia-de-la-salud","status":"publish","type":"post","link":"https:\/\/grupos.us.es\/habier\/2014\/09\/11\/nos-vamos-de-congreso-intap-en-el-iii-congreso-iberoamericano-de-psicologia-de-la-salud\/","title":{"rendered":"Nos vamos de congreso: INTAP en el III Congreso Iberoamericano de Psicolog\u00eda de la Salud"},"content":{"rendered":"<p style=\"text-align: justify;\">\u00a1Hola a todos y todas! Hoy nos reincorporamos a la din\u00e1mica de publicaciones en nuestro blog, que hemos tenido abandonado desde antes de agosto. Y, si nada se tuerce, vamos a encadenar\u00a0varias noticias positivas. La primera: vamos a participar en el <strong><a title=\"Web del III Congreso Iberoamericano de Psicolog\u00eda de la Salud\" href=\"http:\/\/www.aepc.es\/WEBSALUD\/presentacion.html\" target=\"_blank\" rel=\"noopener\">III Congreso Iberoamericano de Psicolog\u00eda de la Salud<\/a>.<\/strong><\/p>\n<p style=\"text-align: justify;\"><!--more-->Este congreso est\u00e1 organizado por la Asociaci\u00f3n Espa\u00f1ola de Psicolog\u00eda Conductual (AEPC) y por la Facultad de Psicolog\u00eda de la Universidad de Sevilla (en la que trabajo y donde desarrollamos distintas iniciativas formativas), y da la casualidad de celebrarse en Sevilla (bueno, en San Juan de Aznalfarache, que est\u00e1 justo a continuaci\u00f3n), as\u00ed que lo vamos a tener mucho m\u00e1s f\u00e1cil que de costumbre para hacer nuestra aportaci\u00f3n. Ser\u00e1 entre los d\u00edas 14 y 16 de noviembre.<\/p>\n<p style=\"text-align: justify;\">Las dos comunicaciones que vamos a desarrollar se titulan\u00a0<em><strong>Expectativas del efecto de las intervenciones asistidas por animales sobre la calidad de vida: oportunidades y riesgos percibidos<\/strong><\/em> y\u00a0<em><strong>Efecto de las variables biogr\u00e1ficas y la formaci\u00f3n especializada sobre las actitudes hacia las intervenciones asistidas por animales<\/strong><\/em>, y en ellas vamos a presentar algunos de los resultados que hemos encontrado en nuestra investigaci\u00f3n. Creemos que ambas tienen utilidad aplicada, ya que las expectativas y actitudes van a determinar, en muchos casos, la posibilidad de iniciar (o no) la intervenci\u00f3n asistida. As\u00ed que cuanto m\u00e1s sepamos, m\u00e1s preparados estaremos para maniobrar y evitar malos entendidos.<\/p>\n<p style=\"text-align: justify;\">Adem\u00e1s, es bueno saber que en este Congreso no estaremos solos, ya que Sandra de Soto presentar\u00e1 una conferencia titulada\u00a0<strong><em>Aplicaci\u00f3n de la Terapia Asistida con Caballos en las intervenciones psicol\u00f3gicas <\/em><\/strong>(<a title=\"Conferencia Sandra de Soto\" href=\"http:\/\/www.aepc.es\/WEBSALUD\/CV\/CVdeSoto.html\" target=\"_blank\" rel=\"noopener\">aqu\u00ed est\u00e1 el resumen<\/a>)<strong>.\u00a0<\/strong>Sandra pertenece al equipo de direcci\u00f3n del postgrado en terapias ecuestres de la Universidad Pablo de Olavide, y estuvimos en contacto para las\u00a0I Jornadas de IAA en Ciencias Sociales que preparamos en la UPO. Que el trabajo realizado en este \u00e1mbito tenga reflejo en reuniones cient\u00edfico-t\u00e9cnicas como \u00e9sta es\u00a0buen s\u00edntoma, y debe ayudar al reconocimiento de su utilidad (y sus limitaciones, por supuesto).<\/p>\n<p style=\"text-align: justify;\">Septiembre viene con curvas, pero poco a poco las piezas van encajando. Ahora, a por el pr\u00f3ximo reto&#8230;<\/p>\n","protected":false},"excerpt":{"rendered":"<p>\u00a1Hola a todos y todas! Hoy nos reincorporamos a la din\u00e1mica de publicaciones en nuestro blog, que hemos tenido abandonado desde antes de agosto. Y, si nada se tuerce, vamos a encadenar\u00a0varias noticias positivas. La primera: vamos a participar en el III Congreso Iberoamericano de Psicolog\u00eda de la Salud.<\/p>\n","protected":false},"author":2,"featured_media":0,"comment_status":"closed","ping_status":"closed","sticky":false,"template":"","format":"standard","meta":{"iawp_total_views":1,"footnotes":""},"categories":[76,41],"tags":[97,178,179],"class_list":["post-2435","post","type-post","status-publish","format-standard","hentry","category-congresos-y-conferencias","category-taa-terapia-asistida-por-animales","tag-congreso-internacional","tag-iii-congreso-iberoamericano-de-psicologia-de-la-salud","tag-psicologia"],"_links":{"self":[{"href":"https:\/\/grupos.us.es\/habier\/wp-json\/wp\/v2\/posts\/2435","targetHints":{"allow":["GET"]}}],"collection":[{"href":"https:\/\/grupos.us.es\/habier\/wp-json\/wp\/v2\/posts"}],"about":[{"href":"https:\/\/grupos.us.es\/habier\/wp-json\/wp\/v2\/types\/post"}],"author":[{"embeddable":true,"href":"https:\/\/grupos.us.es\/habier\/wp-json\/wp\/v2\/users\/2"}],"replies":[{"embeddable":true,"href":"https:\/\/grupos.us.es\/habier\/wp-json\/wp\/v2\/comments?post=2435"}],"version-history":[{"count":0,"href":"https:\/\/grupos.us.es\/habier\/wp-json\/wp\/v2\/posts\/2435\/revisions"}],"wp:attachment":[{"href":"https:\/\/grupos.us.es\/habier\/wp-json\/wp\/v2\/media?parent=2435"}],"wp:term":[{"taxonomy":"category","embeddable":true,"href":"https:\/\/grupos.us.es\/habier\/wp-json\/wp\/v2\/categories?post=2435"},{"taxonomy":"post_tag","embeddable":true,"href":"https:\/\/grupos.us.es\/habier\/wp-json\/wp\/v2\/tags?post=2435"}],"curies":[{"name":"wp","href":"https:\/\/api.w.org\/{rel}","templated":true}]}}