{"id":2331,"date":"2014-04-07T18:27:50","date_gmt":"2014-04-07T16:27:50","guid":{"rendered":"https:\/\/intap.es\/?p=2331"},"modified":"2014-04-07T18:27:50","modified_gmt":"2014-04-07T16:27:50","slug":"disponibles-plazas-en-las-i-jornadas","status":"publish","type":"post","link":"https:\/\/grupos.us.es\/habier\/2014\/04\/07\/disponibles-plazas-en-las-i-jornadas\/","title":{"rendered":"Disponibles plazas en las I Jornadas"},"content":{"rendered":"<h1>A\u00fan tenemos plazas disponibles en las Jornadas de IAA en Ciencias Sociales de la UPO<\/h1>\n<p>\u00a1Hola a todos\/as!<\/p>\n<p><img loading=\"lazy\" decoding=\"async\" class=\"alignright size-medium wp-image-2277\" alt=\"banner Jornadas UPO\" src=\"https:\/\/grupos.us.es\/habier\/wp-content\/uploads\/2014\/03\/banner-Jornadas-UPO-300x164.jpg\" width=\"300\" height=\"164\" \/><\/p>\n<p style=\"text-align: justify;\">Finalizado el plazo de preinscripciones para las <a title=\"Jornadas de IAA en Ciencias Sociales (UPO)\" href=\"https:\/\/grupos.us.es\/habier\/cursos\/jornadas-de-iaa-en-ciencias-sociales-upo\/\" target=\"_blank\" rel=\"noopener\">I Jornadas de Intervenciones Asistidas por Animales en Ciencias Sociales<\/a> (Universidad Pablo de Olavide, 24 y 25 de abril), a\u00fan disponemos de algunas plazas libres. Hasta que todas est\u00e9n cubiertas, la preinscripci\u00f3n seguir\u00e1 abierta en nuestra web. Eso s\u00ed, no sabemos cu\u00e1nto durar\u00e1n las vacantes, as\u00ed que si est\u00e1s pensando en venir&#8230; <a title=\"Pulsa para descargar el formulario de inscripci\u00f3n a las Jornadas UPO\" href=\"https:\/\/grupos.us.es\/habier\/wp-content\/uploads\/2014\/03\/Solicitud-de-preinscripci%C3%B3n-Jornadas-IAA-y-Ciencias-sociales-UPO1.doc\" target=\"_blank\" rel=\"noopener\"><strong>\u00a1dec\u00eddete pronto!<\/strong><\/a><\/p>\n<p style=\"text-align: justify;\">Por otra parte, las personas que ya realizasteis la inscripci\u00f3n antes del fin de semana recibir\u00e9is las instrucciones para formalizar la matr\u00edcula a lo largo de esta misma semana. Ya sab\u00e9is que cualquier duda que surja podemos solucionarla a trav\u00e9s de <a title=\"Contacto\" href=\"https:\/\/grupos.us.es\/habier\/contacto\/\" target=\"_blank\" rel=\"noopener\">correo y redes sociales<\/a>.<\/p>\n<p style=\"text-align: justify;\">Nos vemos pronto en las Jornadas. Un saludo y gracias por seguirnos (y por difundir).<\/p>\n<p style=\"text-align: justify;\">El equipo de INTAP<\/p>\n<h1 style=\"text-align: justify;\"><\/h1>\n","protected":false},"excerpt":{"rendered":"<p>A\u00fan tenemos plazas disponibles en las Jornadas de IAA en Ciencias Sociales de la UPO \u00a1Hola a todos\/as! Finalizado el plazo de preinscripciones para las I Jornadas de Intervenciones Asistidas por Animales en Ciencias Sociales (Universidad Pablo de Olavide, 24 y 25 de abril), a\u00fan disponemos de algunas plazas libres. Hasta que todas est\u00e9n cubiertas, &hellip; <a href=\"https:\/\/grupos.us.es\/habier\/2014\/04\/07\/disponibles-plazas-en-las-i-jornadas\/\" class=\"more-link\">Seguir leyendo <span class=\"screen-reader-text\">Disponibles plazas en las I Jornadas<\/span> <span class=\"meta-nav\">&rarr;<\/span><\/a><\/p>\n","protected":false},"author":2,"featured_media":0,"comment_status":"closed","ping_status":"closed","sticky":false,"template":"","format":"standard","meta":{"iawp_total_views":0,"footnotes":""},"categories":[100,90,147],"tags":[170,162,171,148],"class_list":["post-2331","post","type-post","status-publish","format-standard","hentry","category-formacion-universitaria","category-institucional","category-trabajo-social-2","tag-ciencias-sociales","tag-i-jornadas-de-iaa-en-ciencias-sociales","tag-plazas-disponibles","tag-universidad-pablo-de-olavide"],"_links":{"self":[{"href":"https:\/\/grupos.us.es\/habier\/wp-json\/wp\/v2\/posts\/2331","targetHints":{"allow":["GET"]}}],"collection":[{"href":"https:\/\/grupos.us.es\/habier\/wp-json\/wp\/v2\/posts"}],"about":[{"href":"https:\/\/grupos.us.es\/habier\/wp-json\/wp\/v2\/types\/post"}],"author":[{"embeddable":true,"href":"https:\/\/grupos.us.es\/habier\/wp-json\/wp\/v2\/users\/2"}],"replies":[{"embeddable":true,"href":"https:\/\/grupos.us.es\/habier\/wp-json\/wp\/v2\/comments?post=2331"}],"version-history":[{"count":0,"href":"https:\/\/grupos.us.es\/habier\/wp-json\/wp\/v2\/posts\/2331\/revisions"}],"wp:attachment":[{"href":"https:\/\/grupos.us.es\/habier\/wp-json\/wp\/v2\/media?parent=2331"}],"wp:term":[{"taxonomy":"category","embeddable":true,"href":"https:\/\/grupos.us.es\/habier\/wp-json\/wp\/v2\/categories?post=2331"},{"taxonomy":"post_tag","embeddable":true,"href":"https:\/\/grupos.us.es\/habier\/wp-json\/wp\/v2\/tags?post=2331"}],"curies":[{"name":"wp","href":"https:\/\/api.w.org\/{rel}","templated":true}]}}