{"id":2196,"date":"2013-11-24T16:21:32","date_gmt":"2013-11-24T15:21:32","guid":{"rendered":"https:\/\/intap.es\/?p=2196"},"modified":"2013-11-24T16:21:32","modified_gmt":"2013-11-24T15:21:32","slug":"reflexiones-sobre-el-xii-congreso-de-trabajo-social","status":"publish","type":"post","link":"https:\/\/grupos.us.es\/habier\/2013\/11\/24\/reflexiones-sobre-el-xii-congreso-de-trabajo-social\/","title":{"rendered":"Reflexiones sobre el XII Congreso de Trabajo Social"},"content":{"rendered":"\n<p>Hemos tenido una agenda tan intensa durante estos \u00faltimos d\u00edas (<a title=\"Curso de libre configuraci\u00f3n en la U Sevilla\" href=\"https:\/\/grupos.us.es\/habier\/cursos\/libre-configuracion-u-sevilla\/\" target=\"_blank\" rel=\"noopener\">estreno del curso en la US<\/a>, recogida de cuestionarios, contactos con nuevos centros, planificaci\u00f3n de visitas durante el mes de diciembre, etc.), que nos hab\u00edamos dejado en el tintero la tarea de compartir&nbsp;<strong>las conclusiones del XII Congreso de Trabajo Social de Marbella<\/strong>, al que asistimos e hicimos nuestras aportaciones.<\/p>\n\n\n<div class=\"wp-block-image size-medium wp-image-2199\">\n<figure class=\"alignleft\"><img loading=\"lazy\" decoding=\"async\" width=\"300\" height=\"225\" src=\"https:\/\/grupos.us.es\/habier\/wp-content\/uploads\/2013\/11\/2013-11-16-12.18.12-300x225.jpg\" alt=\"Palacio de Congresos, Ferias y Exposiciones de Marbella\" class=\"wp-image-2199\" srcset=\"https:\/\/grupos.us.es\/habier\/wp-content\/uploads\/2013\/11\/2013-11-16-12.18.12-300x225.jpg 300w, https:\/\/grupos.us.es\/habier\/wp-content\/uploads\/2013\/11\/2013-11-16-12.18.12-1024x768.jpg 1024w, https:\/\/grupos.us.es\/habier\/wp-content\/uploads\/2013\/11\/2013-11-16-12.18.12-768x576.jpg 768w, https:\/\/grupos.us.es\/habier\/wp-content\/uploads\/2013\/11\/2013-11-16-12.18.12-1536x1152.jpg 1536w, https:\/\/grupos.us.es\/habier\/wp-content\/uploads\/2013\/11\/2013-11-16-12.18.12.jpg 1600w\" sizes=\"auto, (max-width: 300px) 100vw, 300px\" \/><figcaption class=\"wp-element-caption\">Palacio de Congresos, Ferias y Exposiciones de Marbella<\/figcaption><\/figure>\n<\/div>\n\n\n<p>Para empezar, hay que decir que alrededor de 1200 profesionales nos reunimos para analizar el papel de nuestra profesi\u00f3n en lo que, desde la organizaci\u00f3n del evento, denominaron <em>\u201ctiempos de malestares\u201d<\/em>. La cifra, per se, suena a \u00e9xito en la convocatoria, sin embargo, es una l\u00e1stima que grandes profesionales (o estudiantes) se quedaran en tierra por cuestiones tanto econ\u00f3micas <i>(matr\u00edcula + desplazamiento + alojamiento + algo hay que comer\u2026) <\/i>como personales <i>(conciliaci\u00f3n de la vida laboral\/profesional con la vida familiar). <\/i>Paradojas de la vida.<\/p>\n\n\n<div class=\"wp-block-image\">\n<figure class=\"alignleft\"><a href=\"http:\/\/www.xiicongresotrabajosocial.es\/noticias\/view\/inaugurado-el-xii-congreso-estatal-del-trabajo-sociales-la-intervencion-social-en-tiempo-de-malestares\/47\" rel=\"noopener\"><img decoding=\"async\" src=\"https:\/\/grupos.us.es\/habier\/wp-content\/uploads\/2013\/11\/p%C3%BAblico-300x200.jpg\" alt=\"Foto tomada de la web del XII Congreso de Trabajo Social\" class=\"wp-image-2200\"\/><\/a><figcaption class=\"wp-element-caption\">Auditorio principal (haz click para ir a la web del congreso)<\/figcaption><\/figure>\n<\/div>\n\n\n<p>Durante el jueves, viernes y s\u00e1bado (14, 15 y 16 de noviembre), tuvimos la ocasi\u00f3n de recordar la importancia de nuestra labor como defensores de los derechos sociales; la oportunidad de escuchar el compromiso de agentes sociales y pol\u00edticos hacia los colectivos m\u00e1s desfavorecidos; la suerte de contar con puntos de encuentro, como <strong>La Plaza<\/strong>, donde intercambiar ideas y contactos para colaborar en proyectos comunes, etc.<\/p>\n\n\n\n<p><\/p>\n\n\n\n<p>Ahora nos queda una labor m\u00e1s importante, si cabe, que comprende una serie de objetivos b\u00e1sicos y prioritarios:<\/p>\n\n\n\n<ul class=\"wp-block-list\">\n<li>-Interiorizar el lema del congreso-<i>\u201csabemos, podemos, queremos\u201d-<\/i>con el fin de desarrollar todas nuestras potencialidades.<\/li>\n\n\n\n<li>-Velar por el cumplimiento de las promesas relacionadas con el respaldo\/creaci\u00f3n de leyes que garanticen pol\u00edticas sociales eficientes y de calidad.<\/li>\n\n\n\n<li>-Visibilizar la importancia del rol del profesional del Trabajo Social en diferentes contextos sociales y de intervenci\u00f3n-m\u00e1s all\u00e1 de los Servicios Sociales (asociaciones, empresas, etc.)<\/li>\n<\/ul>\n\n\n\n<p>Llegados a este punto, es bastante probable que os est\u00e9is preguntando <strong>\u00bfy qu\u00e9 tiene que ver todo esto con la labor que desarrolla INTAP?<\/strong> Pues tiene que ver&#8230; y mucho, puesto que uno de los pilares de nuestra iniciativa es el <strong>trabajo en equipo<\/strong>: cada uno de nosotros aporta su visi\u00f3n sobre las intervenciones asistidas por animales partiendo de su profesi\u00f3n (Trabajo Social, Educaci\u00f3n, Psicolog\u00eda, etc.) Siendo as\u00ed, es fundamental que nos sintamos respaldados por nuestras respectivas disciplinas, y que nos ofrezcan espacios en los que compartir nuestras <strong>investigaciones y proyectos<\/strong>. Concretamente, presentamos nuestro <strong>p\u00f3ster<\/strong> <strong>\u00abIntervenciones Asistidas por Animales: mejora de la calidad de vida en personas mayores institucionalizadas\u00bb; <\/strong>realizamos una <strong>charla-debate<\/strong> sobre la <strong>introducci\u00f3n de animales en la pr\u00e1ctica del Trabajo Social<\/strong>;&nbsp;e informamos sobre la labor de nuestra asociaci\u00f3n en un <strong>stand<\/strong> a lo largo de los tres d\u00edas de congreso.<\/p>\n\n\n<div class=\"wp-block-image\">\n<figure class=\"aligncenter\"><a href=\"https:\/\/grupos.us.es\/habier\/wp-content\/uploads\/2013\/11\/2013-11-15-11.55.51.jpg\"><img decoding=\"async\" src=\"https:\/\/grupos.us.es\/habier\/wp-content\/uploads\/2013\/11\/2013-11-15-11.55.51-300x225.jpg\" alt=\"Mar\u00eda Perea en el XII Congreso de Trabajo Social\" class=\"wp-image-2201\"\/><\/a><figcaption class=\"wp-element-caption\">Mar\u00eda Perea en el XII Congreso de Trabajo Social<\/figcaption><\/figure>\n<\/div>\n\n\n<p>Como trabajadora social y presidenta de INTAP, considero que ha sido un gran paso el hecho de que las intervenciones asistidas por animales, en general, e INTAP, en concreto, hayan tenido su espacio en el XII Congreso de Trabajo Social. Del mismo modo, ha sido muy satisfactorio poder conocer a compa\u00f1eros de profesi\u00f3n que luchan por hacerse un hueco en <strong>espacios nuevos, poco convencionales dentro de nuestra disciplina<\/strong>, y que tienen por lema este <em>\u00absabemos, podemos, queremos\u00bb<\/em> que, desde ahora, debemos tener por bandera.<\/p>\n\n\n\n<p><iframe loading=\"lazy\" src=\"\/\/www.youtube.com\/embed\/Mu6wNeP7HfE\" width=\"560\" height=\"315\" frameborder=\"0\" allowfullscreen=\"allowfullscreen\"><\/iframe><\/p>\n\n\n\n<p>No podemos cerrar este post sin agradecer la difusi\u00f3n de nuestro proyecto, entre otros, al Comit\u00e9 Organizador de las XII Jornadas de Trabajo Social (y a las estudiantes-colaboradoras), al <a title=\"CODTS Sevilla\" href=\"http:\/\/trabajosocialsevilla.es\/web\/\">CODTS de Sevilla<\/a>, a nuestros compa\u00f1eros de aTS@ y al \u00e1rea de emprendimiento de la UNIR.<\/p>\n","protected":false},"excerpt":{"rendered":"<p>Hemos tenido una agenda tan intensa durante estos \u00faltimos d\u00edas (estreno del curso en la US, recogida de cuestionarios, contactos con nuevos centros, planificaci\u00f3n de visitas durante el mes de diciembre, etc.), que nos hab\u00edamos dejado en el tintero la tarea de compartir&nbsp;las conclusiones del XII Congreso de Trabajo Social de Marbella, al que asistimos &hellip; <a href=\"https:\/\/grupos.us.es\/habier\/2013\/11\/24\/reflexiones-sobre-el-xii-congreso-de-trabajo-social\/\" class=\"more-link\">Seguir leyendo <span class=\"screen-reader-text\">Reflexiones sobre el XII Congreso de Trabajo Social<\/span> <span class=\"meta-nav\">&rarr;<\/span><\/a><\/p>\n","protected":false},"author":3,"featured_media":0,"comment_status":"closed","ping_status":"closed","sticky":false,"template":"","format":"standard","meta":{"iawp_total_views":2,"footnotes":""},"categories":[76,86,41,147],"tags":[146,145],"class_list":["post-2196","post","type-post","status-publish","format-standard","hentry","category-congresos-y-conferencias","category-gerontologia","category-taa-terapia-asistida-por-animales","category-trabajo-social-2","tag-calidad-de-vida","tag-xii-congreso-nacional-de-trabajo-social"],"_links":{"self":[{"href":"https:\/\/grupos.us.es\/habier\/wp-json\/wp\/v2\/posts\/2196","targetHints":{"allow":["GET"]}}],"collection":[{"href":"https:\/\/grupos.us.es\/habier\/wp-json\/wp\/v2\/posts"}],"about":[{"href":"https:\/\/grupos.us.es\/habier\/wp-json\/wp\/v2\/types\/post"}],"author":[{"embeddable":true,"href":"https:\/\/grupos.us.es\/habier\/wp-json\/wp\/v2\/users\/3"}],"replies":[{"embeddable":true,"href":"https:\/\/grupos.us.es\/habier\/wp-json\/wp\/v2\/comments?post=2196"}],"version-history":[{"count":0,"href":"https:\/\/grupos.us.es\/habier\/wp-json\/wp\/v2\/posts\/2196\/revisions"}],"wp:attachment":[{"href":"https:\/\/grupos.us.es\/habier\/wp-json\/wp\/v2\/media?parent=2196"}],"wp:term":[{"taxonomy":"category","embeddable":true,"href":"https:\/\/grupos.us.es\/habier\/wp-json\/wp\/v2\/categories?post=2196"},{"taxonomy":"post_tag","embeddable":true,"href":"https:\/\/grupos.us.es\/habier\/wp-json\/wp\/v2\/tags?post=2196"}],"curies":[{"name":"wp","href":"https:\/\/api.w.org\/{rel}","templated":true}]}}