{"id":584,"date":"2021-02-21T15:21:59","date_gmt":"2021-02-21T15:21:59","guid":{"rendered":"http:\/\/grupos.us.es\/ecav\/?p=584"},"modified":"2025-01-04T11:03:13","modified_gmt":"2025-01-04T11:03:13","slug":"jornadas-ineda-innovacion-educativa-y-aprendizaje-a-traves-de-las-artes","status":"publish","type":"post","link":"https:\/\/grupos.us.es\/ecav\/jornadas-ineda-innovacion-educativa-y-aprendizaje-a-traves-de-las-artes\/","title":{"rendered":"Jornadas INEDA | Innovaci\u00f3n educativa y aprendizaje a trav\u00e9s de las artes #ineda2021"},"content":{"rendered":"\n<h2 class=\"wp-block-heading\">Jornadas INEDA | Innovaci\u00f3n educativa y aprendizaje a trav\u00e9s de las artes #ineda2021<\/h2>\n\n\n<p><img loading=\"lazy\" decoding=\"async\" class=\"alignnone size-full wp-image-606\" src=\"https:\/\/grupos.us.es\/ecav\/wp-content\/uploads\/2021\/02\/cartel-ineda-01.jpg\" alt=\"\" width=\"1240\" height=\"1754\" srcset=\"https:\/\/grupos.us.es\/ecav\/wp-content\/uploads\/2021\/02\/cartel-ineda-01.jpg 1240w, https:\/\/grupos.us.es\/ecav\/wp-content\/uploads\/2021\/02\/cartel-ineda-01-212x300.jpg 212w, https:\/\/grupos.us.es\/ecav\/wp-content\/uploads\/2021\/02\/cartel-ineda-01-724x1024.jpg 724w, https:\/\/grupos.us.es\/ecav\/wp-content\/uploads\/2021\/02\/cartel-ineda-01-768x1086.jpg 768w, https:\/\/grupos.us.es\/ecav\/wp-content\/uploads\/2021\/02\/cartel-ineda-01-1086x1536.jpg 1086w\" sizes=\"auto, (max-width: 1240px) 100vw, 1240px\" \/><\/p>\n<p><span style=\"font-size: 8pt;\">Imagen: Banksy (2003), de James Plaff. Extra\u00edda de National Portrait Gallery:<a href=\"https:\/\/www.npg.org.uk\/collections\/search\/portrait\/mw136860\/Banksy\" target=\"_blank\" rel=\"noopener\"> https:\/\/www.npg.org.uk\/collections\/search\/portrait\/mw136860\/Banksy<\/a> <\/span><span style=\"font-size: 8pt;\">Imagen utilizada como cita visual para la realizaci\u00f3n de collage. No existen fines lucrativos, solo finalidad docente e investigadora.<\/span><\/p>\n<h2>1. Planteamiento <strong>#ineda2021<\/strong><\/h2>\n<p>Las Jornadas INEDA nacen con la intenci\u00f3n de ser un instrumento \u00fatil para la formaci\u00f3n docente del futuro y presente profesorado en artes. Unas jornadas en las que se aterriza la teor\u00eda de la educaci\u00f3n art\u00edstica visual a la pr\u00e1ctica pedag\u00f3gica, donde se proponen ideas, tem\u00e1ticas plurales y ejercicios de innovaci\u00f3n y aprendizajes que puedan servir como veh\u00edculos de cambio educativo y aprendizaje desde y a trav\u00e9s de las artes. El eje principal estar\u00e1 ubicado en los estudios de Ense\u00f1anza Secundaria y Bachillerato, pero tambi\u00e9n se abarcar\u00e1n otros niveles educativos como las Ense\u00f1anzas Universitarias y la Educaci\u00f3n Infantil y Educaci\u00f3n Primaria.<\/p>\n<p><em>Secretar\u00eda de las jornadas ECAV.<\/em> Email de contacto:\u00a0<a href=\"mailto:grupoecav@gmail.com\">grupoecav@gmail.com<\/a><\/p>\n<p>Hashtag de las Jornadas INEDA: <strong>#ineda2021<\/strong><\/p>\n<h2>2. Objetivos<\/h2>\n<ul>\n<li>Reflexionar sobre la actualidad de la pr\u00e1ctica educativa art\u00edstica y audiovisual.<\/li>\n<li>Favorecer la innovaci\u00f3n pedag\u00f3gica a trav\u00e9s de las artes.<\/li>\n<li>Proponer otras maneras de hacer educaci\u00f3n art\u00edstica.<\/li>\n<\/ul>\n<h2>3. Lugar y fecha de celebraci\u00f3n<\/h2>\n<p>Jornadas online abiertas (a trav\u00e9s de la plataforma de la Universidad de Sevilla) en horario de tarde, desde el 2 al 11 de marzo ( horario espec\u00edfico propuesto abajo).<\/p>\n<p>Se informar\u00e1 sobre el enlace de acceso cuando se haya realizado la inscripci\u00f3n.<\/p>\n<h2>4. Inscripci\u00f3n<\/h2>\n<ul>\n<li>Las jornadas son de acceso libre previa inscripci\u00f3n en <a href=\"http:\/\/grupos.us.es\/ecav\/?page_id=559\">este enlace<\/a>.\n<ul>\n<li>V\u00eda email se informar\u00e1 sobre el enlace de acceso a las ponencias y charlas.<\/li>\n<li>Las sesiones de <em>ponencias y coloquios<\/em> admiten un n\u00famero elevado de personas. No obstante, el <em>taller<\/em> solo tiene un cupo de 25 personas, por lo tanto, la participaci\u00f3n en este se resolver\u00e1 por orden de inscripci\u00f3n. Los participantes ser\u00e1n informados.<\/li>\n<\/ul>\n<\/li>\n<\/ul>\n<h2>5. Organizaci\u00f3n<\/h2>\n<p>Grupo de Investigaci\u00f3n ECAV.<\/p>\n<p><img loading=\"lazy\" decoding=\"async\" class=\"alignnone size-full wp-image-35\" src=\"http:\/\/grupos.us.es\/ecav\/wp-content\/uploads\/2016\/02\/logo_ecav.png\" alt=\"\" width=\"258\" height=\"89\" \/><\/p>\n<ul>\n<li><strong>Comit\u00e9 de direcci\u00f3n:<\/strong> Carlos Esca\u00f1o, Roc\u00edo Arregui, Julia Ma\u00f1ero, Ana Maeso, Roc\u00edo De Frutos, Javier Dom\u00ednguez y Elke Castro.<\/li>\n<li>Secretar\u00eda de las jornadas ECAV. Email de contacto: <a href=\"mailto:grupoecav@gmail.com\">grupoecav@gmail.com<\/a><\/li>\n<\/ul>\n<h2>6. Ponentes y cronograma<\/h2>\n<p style=\"text-align: center;\">Hashtag de las Jornadas INEDA: <strong>#ineda2021<\/strong><\/p>\n<p style=\"text-align: center;\"><span style=\"color: #800080;\"><strong>MARTES \u00a02 de marzo 2021<\/strong><\/span><\/p>\n<h6>16:00 h. &#8211; 16:15 h. Presentaci\u00f3n.<\/h6>\n<p>Carlos Esca\u00f1o. Coordinador del Grupo de Investigaci\u00f3n ECAV. Profesor de la Universidad de Sevilla. Especialista en Educaci\u00f3n Art\u00edstica y Visual.<\/p>\n<h6>16:15 h. \u2013 18:15 h. Ponencia y coloquio<\/h6>\n<ul>\n<li><em><strong>La Educaci\u00f3n Art\u00edstica ya no necesita m\u00e1rtires: \u00a1No a la innovaci\u00f3n neoliberal!<\/strong><br \/>\n<\/em><a href=\"https:\/\/www.josemariamesias.com\/\" target=\"_blank\" rel=\"noopener\">Jos\u00e9 Mar\u00eda Mes\u00edas<\/a>. Profesor de la Universidade da Coru\u00f1a. Especialista en Educaci\u00f3n Art\u00edstica Visual.<\/li>\n<\/ul>\n<hr \/>\n<p style=\"text-align: center;\"><span style=\"color: #800080;\"><strong>MI\u00c9RCOLES 3 de marzo 2021<\/strong><\/span><\/p>\n<h6>17:30 h. \u2013 19:30 h. Ponencia y coloquio<\/h6>\n<ul>\n<li><em><strong>El arte d\u00eda a d\u00eda en el aula de Secundaria<\/strong><\/em><br \/>\n<a href=\"https:\/\/mayalenpiqueras.com\/\" target=\"_blank\" rel=\"noopener\">Mayalen Piqueras<\/a>. Profesora de Educaci\u00f3n Pl\u00e1stica, Visual y Audiovisual. IES Heliche. Olivares, Sevilla.<br \/>\n<a href=\"https:\/\/www.youtube.com\/watch?v=Fy7RQkpJnA4\" target=\"_blank\" rel=\"noopener\">Mari Luz Maturana<\/a>. Profesora de Educaci\u00f3n Pl\u00e1stica, Visual y Audiovisual. IES Margarita Salas. Sevilla.<br \/>\n<a href=\"https:\/\/www.ujaen.es\/departamentos\/didexp\/contactos\/callejon-chinchilla-maria-dolores\" target=\"_blank\" rel=\"noopener\">Lola Callej\u00f3n<\/a>. Profesora de la Universidad de Ja\u00e9n. Especialista en Educaci\u00f3n Art\u00edstica Visual.<\/li>\n<\/ul>\n<hr \/>\n<p style=\"text-align: center;\"><span style=\"color: #800080;\"><strong>JUEVES 4 de marzo 2021<\/strong><\/span><\/p>\n<h6>16:00 h. \u2013 18:00 h. Ponencia y coloquio<\/h6>\n<ul>\n<li><strong><em>La integraci\u00f3n de las TIC en la educaci\u00f3n art\u00edstica en el aula de secundaria<\/em><\/strong><br \/>\n<a href=\"https:\/\/www.unir.net\/profesores\/elke-castro-leon\/\" target=\"_blank\" rel=\"noopener\">Elke Castro Le\u00f3n<\/a>. Profesora de la Universidad Internacional de La Rioja (UNIR). Especialista en Educaci\u00f3n Art\u00edstica Visual.<\/li>\n<\/ul>\n<h6>18:10 h. \u2013 20:00 h. Ponencia y coloquio<\/h6>\n<ul>\n<li><strong><em>Educaci\u00f3n art\u00edstica e intercreatividad: \u00bfc\u00f3mo aprendemos en el aula postdigital?<\/em><\/strong><br \/>\n<a href=\"https:\/\/dialnet.unirioja.es\/servlet\/autor?codigo=3991413\" target=\"_blank\" rel=\"noopener\">Julia Ma\u00f1ero<\/a>. Profesora de la Universidad de Sevilla. Especialista en Educaci\u00f3n Art\u00edstica Visual.<\/li>\n<\/ul>\n<hr \/>\n<p style=\"text-align: center;\"><span style=\"color: #800080;\"><strong>LUNES 8 de marzo de 2021<\/strong><\/span><\/p>\n<h6>16:00 h. \u2013 18:00 h. Ponencia y coloquio<\/h6>\n<ul>\n<li><strong><em>La mirada inclusiva. Atenci\u00f3n a la diversidad en contextos pedag\u00f3gicos<\/em><\/strong><br \/>\n<a href=\"https:\/\/www.us.es\/trabaja-en-la-us\/directorio\/ruth-maria-cabeza-ruiz\" target=\"_blank\" rel=\"noopener\">Ruth Cabeza<\/a>. Profesora de la Universidad de Sevilla. Especialista en Inclusi\u00f3n Educativa y Educaci\u00f3n F\u00edsica.<br \/>\n<a href=\"https:\/\/www.us.es\/trabaja-en-la-us\/directorio\/jose-carlos-escano-gonzalez\" target=\"_blank\" rel=\"noopener\">Carlos Esca\u00f1o<\/a>. Profesor de la Universidad de Sevilla. Especialista en Educaci\u00f3n Art\u00edstica Visual.<\/li>\n<\/ul>\n<hr \/>\n<p style=\"text-align: center;\"><span style=\"color: #800080;\"><strong>MARTES 9 de marzo de 2021<\/strong><\/span><\/p>\n<h6>16:00 h. \u2013 20:00 h. Taller<\/h6>\n<ul>\n<li><strong><em>Laboratorio Ciudadano #ContagiaInterculturalidad (orientado a alumnado de MAES materias de Dibujo, Imagen y Artes). Parte #1<\/em><\/strong><br \/>\n<span style=\"color: #ff6600;\">Cristina Hern\u00e1ndez Dom\u00ednguez<span style=\"color: #000000;\">.<\/span><\/span> Investigadora de la Universidad Nacional de Educaci\u00f3n a Distancia. Campo de especializaci\u00f3n: Educaci\u00f3n Intercultural. <span style=\"color: #ff00ff; font-size: 8pt;\">(COMPLETO EL CUPO DE POSIBLES PARTICIPANTES EN EL TALLER \u00abLABORATORIO CIUDADANO\u00bb )<\/span><\/li>\n<\/ul>\n<hr \/>\n<p style=\"text-align: center;\"><span style=\"color: #800080;\"><strong>MI\u00c9RCOLES 10 de marzo de 2021<\/strong><\/span><\/p>\n<h6>16:00 h. \u2013 18:00 h. Ponencia y coloquio<\/h6>\n<ul>\n<li><strong><em>El proceso art\u00edstico y el error como herramientas educativas<\/em><\/strong><br \/>\n<a href=\"https:\/\/guridi.wixsite.com\/guridi\" target=\"_blank\" rel=\"noopener\">Ra\u00fal Nieto Guridi<\/a>. Profesor de Educaci\u00f3n Pl\u00e1stica, Visual y Audiovisual. IES Azahar. Sevilla.<\/li>\n<\/ul>\n<h6>18:10 h.\u00a0 \u2013 20:00 h. Ponencia y coloquio<\/h6>\n<ul>\n<li><strong><em>Accionar el aula. Performance y educaci\u00f3n en el contexto de la educaci\u00f3n secundaria<\/em><\/strong><br \/>\n<a href=\"http:\/\/www.isabelleon.com\/\" target=\"_blank\" rel=\"noopener\">Isabel Le\u00f3n<\/a>. Artista visual, dinamizadora independiente y docente<br \/>\n<a href=\"https:\/\/www.ual.es\/persona\/555352565253524878\" target=\"_blank\" rel=\"noopener\">Ana Maeso Broncano<\/a>. Profesora de la Universidad de Almer\u00eda. Especialista en Educaci\u00f3n Art\u00edstica Visual.<\/li>\n<\/ul>\n<hr \/>\n<p style=\"text-align: center;\"><span style=\"color: #800080;\"><strong>JUEVES 11 de marzo de 2021<\/strong><\/span><\/p>\n<h6>16:00 h. \u2013 20:00 h. Taller<\/h6>\n<ul>\n<li><strong><em>Laboratorio Ciudadano #ContagiaInterculturalidad (orientado a alumnado de MAES materias de Dibujo, Imagen y Artes). Parte #2<\/em><\/strong><br \/>\n<span style=\"color: #ff6600;\">Cristina Hern\u00e1ndez Dom\u00ednguez<\/span>. Investigadora de la Universidad Nacional de Educaci\u00f3n a Distancia. Campo de especializaci\u00f3n: Educaci\u00f3n Intercultural. <span style=\"color: #ff00ff; font-size: 8pt;\">(COMPLETO EL CUPO DE POSIBLES PARTICIPANTES EN EL TALLER \u00abLABORATORIO CIUDADANO\u00bb)<\/span><\/li>\n<\/ul>\n<hr \/>\n<p><span style=\"font-size: 8pt;\">JORNADAS INEDA | Innovaci\u00f3n educativa y aprendizaje a trav\u00e9s de las artes. Hashtag de las Jornadas INEDA: <strong>#ineda2021<\/strong><br \/>\n<\/span><\/p>\n<p><img loading=\"lazy\" decoding=\"async\" class=\"alignnone size-medium wp-image-606\" src=\"http:\/\/grupos.us.es\/ecav\/wp-content\/uploads\/2021\/02\/cartel-ineda-01-212x300.jpg\" alt=\"\" width=\"212\" height=\"300\" srcset=\"https:\/\/grupos.us.es\/ecav\/wp-content\/uploads\/2021\/02\/cartel-ineda-01-212x300.jpg 212w, https:\/\/grupos.us.es\/ecav\/wp-content\/uploads\/2021\/02\/cartel-ineda-01-724x1024.jpg 724w, https:\/\/grupos.us.es\/ecav\/wp-content\/uploads\/2021\/02\/cartel-ineda-01-768x1086.jpg 768w, https:\/\/grupos.us.es\/ecav\/wp-content\/uploads\/2021\/02\/cartel-ineda-01-1086x1536.jpg 1086w, https:\/\/grupos.us.es\/ecav\/wp-content\/uploads\/2021\/02\/cartel-ineda-01.jpg 1240w\" sizes=\"auto, (max-width: 212px) 100vw, 212px\" \/><\/p>\n<p><span style=\"font-size: 8pt;\">Imagen: Banksy (2003), de James Plaff. Extra\u00edda de National Portrait Gallery: <a href=\"https:\/\/www.npg.org.uk\/collections\/search\/portrait\/mw136860\/Banksy\" target=\"_blank\" rel=\"noopener\">https:\/\/www.npg.org.uk\/collections\/search\/portrait\/mw136860\/Banksy<\/a> <\/span><span style=\"font-size: 8pt;\">Imagen utilizada como cita visual para la realizaci\u00f3n de collage. No existen fines lucrativos, solo finalidad docente e investigadora.<\/span><\/p>","protected":false},"excerpt":{"rendered":"<p>Jornadas INEDA | Innovaci\u00f3n educativa y aprendizaje a trav\u00e9s de las artes #ineda2021 Imagen: Banksy (2003), de James Plaff. Extra\u00edda de National Portrait Gallery: https:\/\/www.npg.org.uk\/collections\/search\/portrait\/mw136860\/Banksy Imagen utilizada como cita visual para la realizaci\u00f3n de collage. No existen fines lucrativos, solo finalidad docente e investigadora. 1. Planteamiento #ineda2021 Las Jornadas INEDA nacen con la intenci\u00f3n de [&hellip;]<\/p>\n","protected":false},"author":1,"featured_media":606,"comment_status":"closed","ping_status":"closed","sticky":false,"template":"","format":"standard","meta":{"footnotes":""},"categories":[124,170,8,172,182],"tags":[22,50,49],"class_list":["post-584","post","type-post","status-publish","format-standard","has-post-thumbnail","hentry","category-eventos-cientificos","category-investigacion-e-innovacion","category-noticias","category-proyectos-innovacion-reflexion-educativas","category-transferencia","tag-educacion-artistica","tag-formacion-del-profesorado","tag-jornadas-ineda"],"_links":{"self":[{"href":"https:\/\/grupos.us.es\/ecav\/wp-json\/wp\/v2\/posts\/584","targetHints":{"allow":["GET"]}}],"collection":[{"href":"https:\/\/grupos.us.es\/ecav\/wp-json\/wp\/v2\/posts"}],"about":[{"href":"https:\/\/grupos.us.es\/ecav\/wp-json\/wp\/v2\/types\/post"}],"author":[{"embeddable":true,"href":"https:\/\/grupos.us.es\/ecav\/wp-json\/wp\/v2\/users\/1"}],"replies":[{"embeddable":true,"href":"https:\/\/grupos.us.es\/ecav\/wp-json\/wp\/v2\/comments?post=584"}],"version-history":[{"count":0,"href":"https:\/\/grupos.us.es\/ecav\/wp-json\/wp\/v2\/posts\/584\/revisions"}],"wp:featuredmedia":[{"embeddable":true,"href":"https:\/\/grupos.us.es\/ecav\/wp-json\/wp\/v2\/media\/606"}],"wp:attachment":[{"href":"https:\/\/grupos.us.es\/ecav\/wp-json\/wp\/v2\/media?parent=584"}],"wp:term":[{"taxonomy":"category","embeddable":true,"href":"https:\/\/grupos.us.es\/ecav\/wp-json\/wp\/v2\/categories?post=584"},{"taxonomy":"post_tag","embeddable":true,"href":"https:\/\/grupos.us.es\/ecav\/wp-json\/wp\/v2\/tags?post=584"}],"curies":[{"name":"wp","href":"https:\/\/api.w.org\/{rel}","templated":true}]}}