{"id":15787,"date":"2026-02-18T12:05:47","date_gmt":"2026-02-18T12:05:47","guid":{"rendered":"https:\/\/grupos.us.es\/ecav\/?p=15787"},"modified":"2026-02-18T12:07:05","modified_gmt":"2026-02-18T12:07:05","slug":"encuentros-ineda-2026-innovacion-educativa-y-aprendizaje-a-traves-de-las-artes","status":"publish","type":"post","link":"https:\/\/grupos.us.es\/ecav\/encuentros-ineda-2026-innovacion-educativa-y-aprendizaje-a-traves-de-las-artes\/","title":{"rendered":"Encuentros INEDA 2026: Innovaci\u00f3n educativa y aprendizaje a trav\u00e9s de las artes"},"content":{"rendered":"\n<h2 class=\"wp-block-heading\">Encuentros INEDA 2026: Innovaci\u00f3n educativa y aprendizaje a trav\u00e9s de las artes<\/h2>\n\n\n\n<p><strong>1. PRESENTACI\u00d3N<\/strong><\/p>\n\n\n\n<p>En el contexto del <a href=\"https:\/\/masteroficial.us.es\/maes\/\" target=\"_blank\" rel=\"noreferrer noopener\">MAES de la Universidad de Sevilla<\/a> y desde las asignaturas \u00abAprendizaje y Ense\u00f1anza de las Materias de Dibujo, Imagen y Artes Pl\u00e1sticas\u00bb, \u00abInnovaci\u00f3n Docente e Iniciaci\u00f3n a la Investigaci\u00f3n Educativa en Dibujo, Imagen y Artes Pl\u00e1sticas\u00bb y \u00abComplementos de Formaci\u00f3n Disciplinar en Dibujo, Imagen y Artes Pl\u00e1sticas\u00bb, as\u00ed como desde el grupo de investigaci\u00f3n Educaci\u00f3n y Cultura Audiovisual\u00a0<a href=\"https:\/\/grupos.us.es\/ecav\/\">ECAV<\/a>\u00a0 (HUM-401) de la Universidad de Sevilla, se desarrolla una colaboraci\u00f3n acad\u00e9mica que cristaliza en los encuentros INEDA, orientados a la innovaci\u00f3n educativa y el aprendizaje a trav\u00e9s de las artes. Unos encuentros que se han celebrado en diferentes ocasiones (<a href=\"https:\/\/grupos.us.es\/ecav\/jornadas-ineda-innovacion-educativa-y-aprendizaje-a-traves-de-las-artes\/\" target=\"_blank\" rel=\"noreferrer noopener\">2021<\/a>; <a href=\"https:\/\/grupos.us.es\/ecav\/encuentros-ineda-repensar-la-formacion-docente-a-traves-de-la-innovacion-educativa-para-una-era-post-pandemia\/\" target=\"_blank\" rel=\"noreferrer noopener\">2022<\/a>; <a href=\"https:\/\/grupos.us.es\/ecav\/encuentros-ineda-2025-innovacion-educativa-y-aprendizaje-a-traves-de-las-artes\/\">2025<\/a>) y que ahora llega a su cuarta edici\u00f3n en este 2026.<\/p>\n\n\n\n<p>Estos encuentros est\u00e1n orientados al di\u00e1logo e intercambio de experiencias docentes innovadoras entre profesionales de la educaci\u00f3n art\u00edstica y docentes en formaci\u00f3n. <\/p>\n\n\n\n<p>Aunque el principal beneficiario es el alumnado de la Universidad de Sevilla, si alg\u00fan docente en formaci\u00f3n de educaci\u00f3n art\u00edstica visual (del posgrado de profesorado de Secundaria\/Bachillerato) de otra universidad quisiera asistir, por favor, p\u00f3nganse en contacto (<a href=\"mailto:grupoecav@gmail.com\">grupoecav@gmail.com<\/a>) para reservar y organizar la participaci\u00f3n (hay plazas limitadas).<\/p>\n\n\n\n<p><strong>2. FECHA Y LUGAR<\/strong><\/p>\n\n\n\n<p><strong>Del 23 al 26 de febrero de 2026<\/strong>. Centro Internacional de la Universidad de Sevilla. Av. de la Ciudad Jard\u00edn, 20, 22, 41005, Sevilla.<\/p>\n\n\n\n<p><strong>3. CALENDARIO Y PONENTES<\/strong><\/p>\n\n\n\n<p><strong>Lunes 23 de febrero<\/strong>:<\/p>\n\n\n\n<p>18:30 h.-20:30 h.<\/p>\n\n\n\n<ul class=\"wp-block-list\">\n<li><a href=\"https:\/\/mayalenpiqueras.com\/\" target=\"_blank\" rel=\"noreferrer noopener\">Mayalen Piqueras<\/a>. Profesora de Educaci\u00f3n Pl\u00e1stica, Visual y Audiovisual. IES Heliche. Olivares, Sevilla.<\/li>\n\n\n\n<li><a href=\"https:\/\/www.youtube.com\/watch?v=Fy7RQkpJnA4\" target=\"_blank\" rel=\"noreferrer noopener\">Mari Luz Maturana<\/a>. Profesora de Educaci\u00f3n Pl\u00e1stica, Visual y Audiovisual. IES Margarita Salas. Sevilla.<\/li>\n<\/ul>\n\n\n\n<p><strong>Martes 24 de febrero<\/strong>. Visita dinamizada a exposici\u00f3n \u00abDistancia corta. Fuera de marco\u00bb<\/p>\n\n\n\n<p><strong>Mi\u00e9rcoles 25 de febrero: <\/strong><\/p>\n\n\n\n<p>16.00 h.-18:00 h. <\/p>\n\n\n\n<ul class=\"wp-block-list\">\n<li><a href=\"https:\/\/www.boekvisual.com\/guridi\" target=\"_blank\" rel=\"noreferrer noopener\">Ra\u00fal Nieto Guridi<\/a>. Profesor de Educaci\u00f3n Pl\u00e1stica, Visual y Audiovisual. IES Azahar. Sevilla.<\/li>\n<\/ul>\n\n\n\n<p><strong>Jueves 6 de marzo: <\/strong><\/p>\n\n\n\n<p>16.00 h.-18:00 h. <\/p>\n\n\n\n<ul class=\"wp-block-list\">\n<li><a href=\"https:\/\/sites.google.com\/g.educaand.es\/aulaplastica\/sobre-m%C3%AD\" data-type=\"link\" data-id=\"https:\/\/sites.google.com\/g.educaand.es\/aulaplastica\/sobre-m%C3%AD\" target=\"_blank\" rel=\"noreferrer noopener\">Pablo Dom\u00ednguez-Palacios Carbonero<\/a>. Profesor de Educaci\u00f3n Pl\u00e1stica, Visual y Audiovisual. IES Almensilla. Sevilla.<\/li>\n<\/ul>\n\n\n\n<p>18:30 h.-20:30 h. <\/p>\n\n\n\n<ul class=\"wp-block-list\">\n<li>Mar\u00eda Ag\u00fcero. Universidad de Sevilla. Investigadora doctoranda y profesional de la educaci\u00f3n art\u00edstica. <\/li>\n<\/ul>\n\n\n\n<p><strong>4. ORGANIZACI\u00d3N<\/strong><\/p>\n\n\n\n<ul class=\"wp-block-list\">\n<li>El grupo Educaci\u00f3n y Cultura Audiovisual (ECAV) y profesorado de las asignaturas del m\u00f3dulo espec\u00edfico de Dibujo, Imagen y Artes Pl\u00e1sticas del MAES de Sevilla.<\/li>\n<\/ul>\n\n\n\n<figure class=\"wp-block-image size-large\"><img loading=\"lazy\" decoding=\"async\" width=\"724\" height=\"1024\" src=\"http:\/\/grupos.us.es\/ecav\/wp-content\/uploads\/2026\/02\/cartel-INEDA2026-724x1024.jpg\" alt=\"\" class=\"wp-image-15788\" srcset=\"https:\/\/grupos.us.es\/ecav\/wp-content\/uploads\/2026\/02\/cartel-INEDA2026-724x1024.jpg 724w, https:\/\/grupos.us.es\/ecav\/wp-content\/uploads\/2026\/02\/cartel-INEDA2026-212x300.jpg 212w, https:\/\/grupos.us.es\/ecav\/wp-content\/uploads\/2026\/02\/cartel-INEDA2026-768x1086.jpg 768w, https:\/\/grupos.us.es\/ecav\/wp-content\/uploads\/2026\/02\/cartel-INEDA2026-1086x1536.jpg 1086w, https:\/\/grupos.us.es\/ecav\/wp-content\/uploads\/2026\/02\/cartel-INEDA2026-1448x2048.jpg 1448w, https:\/\/grupos.us.es\/ecav\/wp-content\/uploads\/2026\/02\/cartel-INEDA2026-scaled.jpg 1811w\" sizes=\"auto, (max-width: 724px) 100vw, 724px\" \/><\/figure>\n","protected":false},"excerpt":{"rendered":"<p>Encuentros INEDA 2026: Innovaci\u00f3n educativa y aprendizaje a trav\u00e9s de las artes 1. PRESENTACI\u00d3N En el contexto del MAES de la Universidad de Sevilla y desde las asignaturas \u00abAprendizaje y Ense\u00f1anza de las Materias de Dibujo, Imagen y Artes Pl\u00e1sticas\u00bb, \u00abInnovaci\u00f3n Docente e Iniciaci\u00f3n a la Investigaci\u00f3n Educativa en Dibujo, Imagen y Artes Pl\u00e1sticas\u00bb y [&hellip;]<\/p>\n","protected":false},"author":1,"featured_media":15788,"comment_status":"closed","ping_status":"closed","sticky":false,"template":"","format":"standard","meta":{"footnotes":""},"categories":[124,170,8,172,182],"tags":[40,22,193,192],"class_list":["post-15787","post","type-post","status-publish","format-standard","has-post-thumbnail","hentry","category-eventos-cientificos","category-investigacion-e-innovacion","category-noticias","category-proyectos-innovacion-reflexion-educativas","category-transferencia","tag-artes","tag-educacion-artistica","tag-ineda","tag-innovacion"],"_links":{"self":[{"href":"https:\/\/grupos.us.es\/ecav\/wp-json\/wp\/v2\/posts\/15787","targetHints":{"allow":["GET"]}}],"collection":[{"href":"https:\/\/grupos.us.es\/ecav\/wp-json\/wp\/v2\/posts"}],"about":[{"href":"https:\/\/grupos.us.es\/ecav\/wp-json\/wp\/v2\/types\/post"}],"author":[{"embeddable":true,"href":"https:\/\/grupos.us.es\/ecav\/wp-json\/wp\/v2\/users\/1"}],"replies":[{"embeddable":true,"href":"https:\/\/grupos.us.es\/ecav\/wp-json\/wp\/v2\/comments?post=15787"}],"version-history":[{"count":2,"href":"https:\/\/grupos.us.es\/ecav\/wp-json\/wp\/v2\/posts\/15787\/revisions"}],"predecessor-version":[{"id":15790,"href":"https:\/\/grupos.us.es\/ecav\/wp-json\/wp\/v2\/posts\/15787\/revisions\/15790"}],"wp:featuredmedia":[{"embeddable":true,"href":"https:\/\/grupos.us.es\/ecav\/wp-json\/wp\/v2\/media\/15788"}],"wp:attachment":[{"href":"https:\/\/grupos.us.es\/ecav\/wp-json\/wp\/v2\/media?parent=15787"}],"wp:term":[{"taxonomy":"category","embeddable":true,"href":"https:\/\/grupos.us.es\/ecav\/wp-json\/wp\/v2\/categories?post=15787"},{"taxonomy":"post_tag","embeddable":true,"href":"https:\/\/grupos.us.es\/ecav\/wp-json\/wp\/v2\/tags?post=15787"}],"curies":[{"name":"wp","href":"https:\/\/api.w.org\/{rel}","templated":true}]}}