{"id":15778,"date":"2025-05-11T14:44:28","date_gmt":"2025-05-11T14:44:28","guid":{"rendered":"https:\/\/grupos.us.es\/ecav\/?p=15778"},"modified":"2026-02-21T11:14:38","modified_gmt":"2026-02-21T11:14:38","slug":"webinarios-educacion-artistica-inclusiva-comooc-edarclusion-mayo-2025","status":"publish","type":"post","link":"https:\/\/grupos.us.es\/ecav\/webinarios-educacion-artistica-inclusiva-comooc-edarclusion-mayo-2025\/","title":{"rendered":"Webinarios \u00abEducaci\u00f3n Art\u00edstica Inclusiva\u00bb: Comooc #EDARCLUSI\u00d3N (mayo 2025)"},"content":{"rendered":"\n<h2 class=\"wp-block-heading\">Webinarios \u00abEducaci\u00f3n Art\u00edstica Inclusiva\u00bb: Comooc #EDARCLUSI\u00d3N (mayo 2025)<\/h2>\n\n\n\n<p><strong>1. PRESENTACI\u00d3N<\/strong><\/p>\n\n\n\n<p>Desde el proyecto <a href=\"https:\/\/investigacion.us.es\/sisius\/sis_proyecto.php?idproy=35487\" target=\"_blank\" rel=\"noreferrer noopener\">EDARCLUSI\u00d3N<\/a> (PID2021-127124OB-I00) seguimos desarollando la propuesta integral de formaci\u00f3n educativa art\u00edstica, orientada a la formaci\u00f3n en inclusi\u00f3n educativa, la innovaci\u00f3n y la transformaci\u00f3n social. Tras los webinarios del mes de abril, continuamos la oferta del conjunto de webinarios abiertos y gratuitos en los que pueden participar docentes en ejercicio y en formaci\u00f3n, as\u00ed como persona interesada en la tem\u00e1tica.<\/p>\n\n\n\n<p><a href=\"https:\/\/forms.office.com\/e\/zrTjh1P10M?origin=lprLink\" target=\"_blank\" rel=\"noreferrer noopener\">Acceso al formulario de inscripci\u00f3n<\/a><\/p>\n\n\n\n<p><strong>2. CALENDARIO Y PONENTES DE WEBINARIOS DE MAYO DE 2025<\/strong><\/p>\n\n\n\n<ul class=\"wp-block-list\">\n<li>13\/05\/2025 \u00b7 Webinario \u00b7 17:00 &#8211; 20:00 (GMT+2): <strong>Educaci\u00f3n, artes e interculturalidad. La pr\u00e1ctica del fotolibro cartogr\u00e1fico para la inclusi\u00f3n y generaci\u00f3n de comunidad<\/strong> \u00b7 M\u00aa CRISTINA HERN\u00c1NDEZ DOM\u00cdNGUEZ \u00b7 Universidad de Sevilla \u00b7 Espa\u00f1a. JOS\u00c9 MANUEL CORREA \u00b7 Universidad de Sevilla \u00b7 Espa\u00f1a<br><\/li>\n\n\n\n<li>20\/05\/2025 \u00b7 Webinario \u00b7 17:00 &#8211; 20:00 (GMT+2): <strong>Transformando realidades en la era postdigital a trav\u00e9s de la investigaci\u00f3n en educaci\u00f3n art\u00edstica inclusiva<\/strong> \u00b7 ELKE CASTRO LE\u00d3N \u00b7 Universidad de Sevilla \u00b7 Espa\u00f1a. LUISA DUR\u00c1N Y CASAHONDA TORACK \u00b7 Universidad Iberoamericana \u00b7 M\u00e9xico. JAVIER DOM\u00cdNGUEZ MU\u00d1INO \u00b7 Universidad de Sevilla \u00b7 Espa\u00f1a<br><\/li>\n\n\n\n<li>27\/05\/2025 \u00b7 Webinario \u00b7 17:00 &#8211; 20:00 (GMT+2): <strong>Creaci\u00f3n de afectos y terceros espacios educativos<\/strong>&nbsp;\u00b7 JULIA MA\u00d1ERO \u00b7 Universidad de Sevilla \u00b7 Espa\u00f1a. OMAR CASTILLO&nbsp;MORENO&nbsp;\u00b7 Universidad Nacional Aut\u00f3noma de M\u00e9xico \u00b7 M\u00e9xico. UX\u00cdA FERN\u00c1NDEZ PI\u00d1EIRO \u00b7 &nbsp;Universidad de Sevilla \u00b7 Espa\u00f1a<br><\/li>\n\n\n\n<li>29\/05\/2025 \u00b7 <em>Cierre y ponencia de clausura&nbsp;<\/em> \u00b7 18:00 &#8211; 20:30 (GMT+2): <strong>Di\u00e1logos postdigitales con\/Di\u00e1logos p\u00f3s-digitais com&nbsp;Ana Mae Barbosa<\/strong>&nbsp;\u00b7 Clausura de Edarclusi\u00f3n: CARLOS ESCA\u00d1O \u00b7 Universidad de Sevilla \u00b7 Espa\u00f1a. Ponencia: ANA MAE BARBOSA \u00b7 Universidade de S\u00e3o Paulo\/Universidade Anhembi Morumbi, S\u00e3o Paulo \u00b7 Brasil<\/li>\n<\/ul>\n\n\n\n<p><strong>4. FORMULARIO DE INSCRIPCI\u00d3N<\/strong><\/p>\n\n\n\n<p><a href=\"https:\/\/forms.office.com\/e\/zrTjh1P10M?origin=lprLink\" target=\"_blank\" rel=\"noreferrer noopener\">Acceso al formulario de inscripci\u00f3n<\/a><\/p>\n\n\n\n<p>Cuando te inscribas en el webinario recibir\u00e1s la informaci\u00f3n relativa al acceso <strong>24h<\/strong> antes de la celebraci\u00f3n del mismo. Cualquier duda, cons\u00faltanos en: <a href=\"mailto:grupoecav@gmail.com\">grupoecav@gmail.com<\/a><\/p>\n\n\n\n<p><strong>5. ORGANIZACI\u00d3N<\/strong><\/p>\n\n\n\n<ul class=\"wp-block-list\">\n<li>El grupo Educaci\u00f3n y Cultura Audiovisual (ECAV) (&nbsp;<a href=\"https:\/\/grupos.us.es\/ecav\/\">https:\/\/grupos.us.es\/ecav\/<\/a>&nbsp;|&nbsp;<a href=\"mailto:grupoecav@gmail.com\">grupoecav@gmail.com<\/a>) organiza esta actividad junto al&nbsp; proyecto I+D+i PID2021-127124OB-I00, financiado por MCIN\/ AEI\/10.13039\/501100011033\/ y por \u201cFEDER Una manera de hacer Europa\u201d.\n<ul class=\"wp-block-list\">\n<li>Proyecto de investigaci\u00f3n:&nbsp;<em>Educaci\u00f3n Art\u00edstica Inclusiva Online: desarrollo y evaluaci\u00f3n de un modelo integral MOOC de formaci\u00f3n docente<\/em>. Plan Estatal 2021-2023 \u2013 Proyectos de Generaci\u00f3n de conocimiento.<\/li>\n\n\n\n<li>Referencia del proyecto: PID2021-127124OB-I00.<\/li>\n\n\n\n<li>MCIN: Ministerio de Ciencia e Innovaci\u00f3n.<\/li>\n\n\n\n<li>AEI: Agencia Estatal de Investigaci\u00f3n.<\/li>\n\n\n\n<li>DOI: 10.13039\/501100011033: el DOI (Digital Object Identifier) de la AEI.<\/li>\n\n\n\n<li>FEDER: Fondo Europeo de Desarrollo Regional.<br><br><img loading=\"lazy\" decoding=\"async\" width=\"300\" height=\"77\" srcset=\"https:\/\/grupo.us.es\/edarclusion\/wp-content\/uploads\/2024\/04\/EDARCLUSION-LOGOS-300x77.png 300w, https:\/\/grupo.us.es\/edarclusion\/wp-content\/uploads\/2024\/04\/EDARCLUSION-LOGOS-768x196.png 768w, https:\/\/grupo.us.es\/edarclusion\/wp-content\/uploads\/2024\/04\/EDARCLUSION-LOGOS.png 1018w\" src=\"https:\/\/grupo.us.es\/edarclusion\/wp-content\/uploads\/2024\/04\/EDARCLUSION-LOGOS-300x77.png\" alt=\"\"><\/li>\n<\/ul>\n<\/li>\n\n\n\n<li>Grupo de Investigaci\u00f3n Educaci\u00f3n y Cultura Audiovisual (HUM401).<\/li>\n<\/ul>\n\n\n\n<p>Webinarios implementados en&nbsp;<strong>colaboraci\u00f3n<\/strong>&nbsp;con el&nbsp;<a href=\"https:\/\/formaciondocente.una.edu.ar\/\" target=\"_blank\" rel=\"noreferrer noopener\">\u00c1rea Transdepartamental de Formaci\u00f3n Docente de la Universidad Nacional de las Artes Argentina.<\/a><\/p>\n\n\n\n<figure class=\"wp-block-image size-large\"><img loading=\"lazy\" decoding=\"async\" width=\"724\" height=\"1024\" src=\"https:\/\/grupos.us.es\/ecav\/wp-content\/uploads\/2025\/05\/CARTEL-COMOOC-EDARCLUSION-002-724x1024.jpg\" alt=\"\" class=\"wp-image-15779\" srcset=\"https:\/\/grupos.us.es\/ecav\/wp-content\/uploads\/2025\/05\/CARTEL-COMOOC-EDARCLUSION-002-724x1024.jpg 724w, https:\/\/grupos.us.es\/ecav\/wp-content\/uploads\/2025\/05\/CARTEL-COMOOC-EDARCLUSION-002-212x300.jpg 212w, https:\/\/grupos.us.es\/ecav\/wp-content\/uploads\/2025\/05\/CARTEL-COMOOC-EDARCLUSION-002-768x1086.jpg 768w, https:\/\/grupos.us.es\/ecav\/wp-content\/uploads\/2025\/05\/CARTEL-COMOOC-EDARCLUSION-002-1086x1536.jpg 1086w, https:\/\/grupos.us.es\/ecav\/wp-content\/uploads\/2025\/05\/CARTEL-COMOOC-EDARCLUSION-002-1448x2048.jpg 1448w, https:\/\/grupos.us.es\/ecav\/wp-content\/uploads\/2025\/05\/CARTEL-COMOOC-EDARCLUSION-002-scaled.jpg 1810w\" sizes=\"auto, (max-width: 724px) 100vw, 724px\" \/><\/figure>\n","protected":false},"excerpt":{"rendered":"<p>Webinarios \u00abEducaci\u00f3n Art\u00edstica Inclusiva\u00bb: Comooc #EDARCLUSI\u00d3N (mayo 2025) 1. PRESENTACI\u00d3N Desde el proyecto EDARCLUSI\u00d3N (PID2021-127124OB-I00) seguimos desarollando la propuesta integral de formaci\u00f3n educativa art\u00edstica, orientada a la formaci\u00f3n en inclusi\u00f3n educativa, la innovaci\u00f3n y la transformaci\u00f3n social. Tras los webinarios del mes de abril, continuamos la oferta del conjunto de webinarios abiertos y gratuitos en [&hellip;]<\/p>\n","protected":false},"author":1,"featured_media":15779,"comment_status":"closed","ping_status":"","sticky":false,"template":"","format":"standard","meta":{"footnotes":""},"categories":[124,170,8,187],"tags":[197,132,60,22,163],"class_list":["post-15778","post","type-post","status-publish","format-standard","has-post-thumbnail","hentry","category-eventos-cientificos","category-investigacion-e-innovacion","category-noticias","category-proyecto-de-investigacion","tag-ana-mae-barbosa","tag-comooc","tag-edarclusion","tag-educacion-artistica","tag-educacion-inclusiva"],"_links":{"self":[{"href":"https:\/\/grupos.us.es\/ecav\/wp-json\/wp\/v2\/posts\/15778","targetHints":{"allow":["GET"]}}],"collection":[{"href":"https:\/\/grupos.us.es\/ecav\/wp-json\/wp\/v2\/posts"}],"about":[{"href":"https:\/\/grupos.us.es\/ecav\/wp-json\/wp\/v2\/types\/post"}],"author":[{"embeddable":true,"href":"https:\/\/grupos.us.es\/ecav\/wp-json\/wp\/v2\/users\/1"}],"replies":[{"embeddable":true,"href":"https:\/\/grupos.us.es\/ecav\/wp-json\/wp\/v2\/comments?post=15778"}],"version-history":[{"count":2,"href":"https:\/\/grupos.us.es\/ecav\/wp-json\/wp\/v2\/posts\/15778\/revisions"}],"predecessor-version":[{"id":15793,"href":"https:\/\/grupos.us.es\/ecav\/wp-json\/wp\/v2\/posts\/15778\/revisions\/15793"}],"wp:featuredmedia":[{"embeddable":true,"href":"https:\/\/grupos.us.es\/ecav\/wp-json\/wp\/v2\/media\/15779"}],"wp:attachment":[{"href":"https:\/\/grupos.us.es\/ecav\/wp-json\/wp\/v2\/media?parent=15778"}],"wp:term":[{"taxonomy":"category","embeddable":true,"href":"https:\/\/grupos.us.es\/ecav\/wp-json\/wp\/v2\/categories?post=15778"},{"taxonomy":"post_tag","embeddable":true,"href":"https:\/\/grupos.us.es\/ecav\/wp-json\/wp\/v2\/tags?post=15778"}],"curies":[{"name":"wp","href":"https:\/\/api.w.org\/{rel}","templated":true}]}}